{"id":236,"date":"2020-05-04T18:03:17","date_gmt":"2020-05-04T16:03:17","guid":{"rendered":"https:\/\/anasig.lu\/?p=236"},"modified":"2020-05-04T18:03:17","modified_gmt":"2020-05-04T16:03:17","slug":"invitation-questionnaire-sur-la-crise-covid19-et-le-travail-social-a-luxembourg","status":"publish","type":"post","link":"https:\/\/www.anasig.lu\/?p=236","title":{"rendered":"Invitation \u2013 Questionnaire sur la crise COVID19 et le travail social \u00e0 Luxembourg"},"content":{"rendered":"\n<p>Questionnaire sur les d\u00e9fis \u00e9thiques, les challenges et les r\u00e9ussites exp\u00e9riment\u00e9es par les travailleurs sociaux luxembourgeois pendant la pand\u00e9mie COVID-19, propos\u00e9 par l&rsquo;Association Nationale des Assistante)s Sociaux et Infirmier(e)s gradu\u00e9s du Grand-Duch\u00e9 de Luxembourg, l&rsquo;ANASIG.\u00a0<br>Nous vous invitons \u00e0 partager votre exp\u00e9rience pour \u00e9valuer quels sont les besoins des travailleurs sociaux pendant cette crise COVID-19 au Luxembourg, ce qui a fonctionn\u00e9, ce qui vous a manqu\u00e9 et ce qui sera utile pour l&rsquo;avenir.<br>Ce questionnaire est enti\u00e8rement anonyme et son traitement restera strictement \u00e0 usage interne.\u00a0<\/p>\n\n\n\n<p>Lien vers le questionnaire en ligne :<\/p>\n\n\n\n<p class=\"has-text-color has-vivid-cyan-blue-color\"><a href=\"https:\/\/docs.google.com\/forms\/d\/e\/1FAIpQLSeMFC0GdpFnIrXD1zGsazkrIxVUzOUM7sabzLs_yNb0aSkSXQ\/viewform?usp=sf_link\">https:\/\/forms.gle\/dLADmjAc9ij1MQH8<\/a><img decoding=\"async\" width=\"150\" height=\"100\" class=\"wp-image-193\" style=\"width: 150px;\" src=\"https:\/\/www.anasig.lu\/wp-content\/uploads\/2020\/04\/tai-s-captures-0I52FCHNjoU-unsplash-scaled.jpg\" alt=\"\" srcset=\"https:\/\/www.anasig.lu\/wp-content\/uploads\/2020\/04\/tai-s-captures-0I52FCHNjoU-unsplash-scaled.jpg 2560w, https:\/\/www.anasig.lu\/wp-content\/uploads\/2020\/04\/tai-s-captures-0I52FCHNjoU-unsplash-300x200.jpg 300w, https:\/\/www.anasig.lu\/wp-content\/uploads\/2020\/04\/tai-s-captures-0I52FCHNjoU-unsplash-1024x683.jpg 1024w, https:\/\/www.anasig.lu\/wp-content\/uploads\/2020\/04\/tai-s-captures-0I52FCHNjoU-unsplash-768x512.jpg 768w, https:\/\/www.anasig.lu\/wp-content\/uploads\/2020\/04\/tai-s-captures-0I52FCHNjoU-unsplash-1536x1024.jpg 1536w, https:\/\/www.anasig.lu\/wp-content\/uploads\/2020\/04\/tai-s-captures-0I52FCHNjoU-unsplash-2048x1365.jpg 2048w\" sizes=\"(max-width: 150px) 100vw, 150px\" \/><\/p>\n","protected":false},"excerpt":{"rendered":"<p>Questionnaire sur la crise COVID19 et le travail social \u00e0 Luxembourg<\/p>\n","protected":false},"author":1,"featured_media":193,"comment_status":"open","ping_status":"closed","sticky":false,"template":"","format":"standard","meta":{"_exactmetrics_skip_tracking":false,"_exactmetrics_sitenote_active":false,"_exactmetrics_sitenote_note":"","_exactmetrics_sitenote_category":0,"_monsterinsights_skip_tracking":false,"_monsterinsights_sitenote_active":false,"_monsterinsights_sitenote_note":"","_monsterinsights_sitenote_category":0,"footnotes":""},"categories":[7],"tags":[8],"class_list":["post-236","post","type-post","status-publish","format-standard","has-post-thumbnail","hentry","category-actualites","tag-covid-19"],"_links":{"self":[{"href":"https:\/\/www.anasig.lu\/index.php?rest_route=\/wp\/v2\/posts\/236","targetHints":{"allow":["GET"]}}],"collection":[{"href":"https:\/\/www.anasig.lu\/index.php?rest_route=\/wp\/v2\/posts"}],"about":[{"href":"https:\/\/www.anasig.lu\/index.php?rest_route=\/wp\/v2\/types\/post"}],"author":[{"embeddable":true,"href":"https:\/\/www.anasig.lu\/index.php?rest_route=\/wp\/v2\/users\/1"}],"replies":[{"embeddable":true,"href":"https:\/\/www.anasig.lu\/index.php?rest_route=%2Fwp%2Fv2%2Fcomments&post=236"}],"version-history":[{"count":4,"href":"https:\/\/www.anasig.lu\/index.php?rest_route=\/wp\/v2\/posts\/236\/revisions"}],"predecessor-version":[{"id":240,"href":"https:\/\/www.anasig.lu\/index.php?rest_route=\/wp\/v2\/posts\/236\/revisions\/240"}],"wp:featuredmedia":[{"embeddable":true,"href":"https:\/\/www.anasig.lu\/index.php?rest_route=\/wp\/v2\/media\/193"}],"wp:attachment":[{"href":"https:\/\/www.anasig.lu\/index.php?rest_route=%2Fwp%2Fv2%2Fmedia&parent=236"}],"wp:term":[{"taxonomy":"category","embeddable":true,"href":"https:\/\/www.anasig.lu\/index.php?rest_route=%2Fwp%2Fv2%2Fcategories&post=236"},{"taxonomy":"post_tag","embeddable":true,"href":"https:\/\/www.anasig.lu\/index.php?rest_route=%2Fwp%2Fv2%2Ftags&post=236"}],"curies":[{"name":"wp","href":"https:\/\/api.w.org\/{rel}","templated":true}]}}