{"id":160,"date":"2020-04-11T12:57:32","date_gmt":"2020-04-11T12:57:32","guid":{"rendered":"https:\/\/anasig.lu\/?p=160"},"modified":"2020-04-11T13:00:09","modified_gmt":"2020-04-11T13:00:09","slug":"declaration-de-lifsw-europe-sur-la-crise-covid-19","status":"publish","type":"post","link":"https:\/\/www.anasig.lu\/?p=160","title":{"rendered":"D\u00e9claration de l&rsquo;IFSW Europe sur la crise Covid 19"},"content":{"rendered":"\n<p>4 avril 2020<\/p>\n\n\n\n<p>\u00ab\u00a0La pand\u00e9mie du Covid 19 est un \u00e9v\u00e9nement sans pr\u00e9c\u00e9dent dans la vie de la plupart des personnes aujourd&rsquo;hui.\u00a0C&rsquo;est un d\u00e9fi extr\u00eame car sa port\u00e9e ne conna\u00eet pas de fronti\u00e8res et ne fait de pas distinction entre les membre de la soci\u00e9t\u00e9.\u00a0Notre mode de vie a radicalement chang\u00e9 ces derni\u00e8res semaines alors que de plus en plus de citoyens se retrouvent en \u00ablock-out\u00bb tandis que d&rsquo;autres tombent malades en Europe.\u00a0Outre le risque encouru pour la sant\u00e9, les \u00e9l\u00e9ments sociaux et \u00e9conomiques de la vie sont d\u00e9j\u00e0 gravement endommag\u00e9s et les retomb\u00e9es de cette situation dureront probablement pendant une p\u00e9riode de temps consid\u00e9rable.\u00a0Tous les groupes vuln\u00e9rables courent un risque important des cons\u00e9quences de cette crise.<\/p>\n\n\n\n<p>Le Conseil europ\u00e9en a d\u00e9clar\u00e9 le 26\u00a0Mars que ce d\u00e9fi \u00ab exige une\u00a0action urgente, d\u00e9cisive et compl\u00e8te \u00e0 l&rsquo;UE, aux\u00a0niveaux national, r\u00e9gional et local\u00bb.\u00a0Le Conseil a \u00e9galement d\u00e9clar\u00e9 qu&rsquo;il \u00ab\u00a0fera tout ce qui est n\u00e9cessaire pour prot\u00e9ger\u2026 les citoyens et surmonter la crise\u00a0\u00bb.<\/p>\n\n\n\n<p>IFSW Europe soutient l&rsquo;engagement du Conseil europ\u00e9en d&rsquo;organiser une r\u00e9ponse coordonn\u00e9e \u00e0 cette crise et appelle le Conseil et les autres organes de l&rsquo;Union europ\u00e9enne \u00e0 agir imm\u00e9diatement.\u00a0L&rsquo;IFSW salue les r\u00e9centes initiatives de la Commission europ\u00e9enne pour soutenir les pays mais souligne que la r\u00e9ponse doit inclure toutes les personnes et tous les groupes en Europe afin de \u00abne laisser personne de c\u00f4t\u00e9\u00bb.\u00a0Les questions relatives aux droits de l&rsquo;homme et \u00e0 la justice sociale doivent rester au premier plan de tous les efforts pour faire face \u00e0 cet \u00e9v\u00e9nement sans pr\u00e9c\u00e9dent.<\/p>\n\n\n\n<p>Une attention particuli\u00e8re doit \u00eatre accord\u00e9e \u00e0 ceux qui sont le plus \u00e0 risque dans nos soci\u00e9t\u00e9s, notamment les enfants, les personnes \u00e2g\u00e9es, les personnes handicap\u00e9es, ceux qui ont des probl\u00e8mes sous-jacents de sant\u00e9 et de sant\u00e9 mentale, les sans-abri, et plus que jamais, les femmes vuln\u00e9rables \u00e0 la violence domestique et les r\u00e9fugi\u00e9s ou les migrants.<\/p>\n\n\n\n<p>IFSW Europe reconna\u00eet qu&rsquo;\u00e0 travers l&rsquo;Europe, les gouvernements et les citoyens sont en difficult\u00e9.&nbsp;Les syst\u00e8mes de sant\u00e9 de tous les pays subissent d&rsquo;\u00e9normes pressions et les travailleurs sociaux et autres professionnels de la sant\u00e9 et des services sociaux font un travail h\u00e9ro\u00efque pour r\u00e9pondre aux besoins m\u00e9dicaux et sociaux des gens.&nbsp;En effet, la solidarit\u00e9 se manifeste \u00e9galement \u00e0 travers l&rsquo;Europe, par exemple dans le grand nombre de personnes qui se portent volontaires pour soutenir les personnes et les familles qui en ont besoin.<\/p>\n\n\n\n<p>Les syst\u00e8mes de protection sociale, o\u00f9 les travailleurs sociaux jouent un r\u00f4le essentiel, ont \u00e9galement \u00e9t\u00e9 mis \u00e0 rude \u00e9preuve \u00e0 mesure que le ch\u00f4mage augmente consid\u00e9rablement et qu&rsquo;un nombre \u00e9lev\u00e9 de personnes tombent malades.&nbsp;Ces syst\u00e8mes doivent \u00e9galement disposer de ressources suffisantes pour faire face \u00e0 cette catastrophe, maintenant et \u00e0 l&rsquo;avenir.<\/p>\n\n\n\n<h4 class=\"wp-block-heading\"><strong>IFSW Europe salue les travailleurs sociaux et tous les autres travailleurs de premi\u00e8re ligne qui se mettent en danger dans cette crise pour soutenir les personnes dans le besoin.<\/strong><\/h4>\n\n\n\n<p>Lorsque cette crise sera surmont\u00e9e, comme elle le sera sans aucun doute, il faudra alors repenser la place des syst\u00e8mes de sant\u00e9 publique et de protection sociale dans tous les pays d&rsquo;Europe.\u00a0Cet examen doit se concentrer sur le principe selon lequel les personnes comptent vraiment plus que toute autre chose, le social doit \u00e9quilibrer l&rsquo;\u00e9conomie.\u00a0Il doit \u00e9galement y avoir un recentrage de mani\u00e8re \u00e0 donner un sens r\u00e9el au principe de \u00abne laisser personne de c\u00f4t\u00e9\u00bb.\u00a0Les principes du\u00a0<em>socle europ\u00e9en du droit social<\/em>\u00a0doivent avant tout \u00eatre au c\u0153ur de l&rsquo;avenir de l&rsquo;Europe.\u00a0\u00bb<\/p>\n\n\n\n<p>Ana R\u0103dulescu &#8211; Pr\u00e9sidente<\/p>\n\n\n\n<p>John Brennan &#8211; Vice-pr\u00e9sident<\/p>\n\n\n\n<p><em>F\u00e9d\u00e9ration internationale des travailleurs sociaux Europe 02 avril 2020<\/em><\/p>\n\n\n\n<p>Lien vers la d\u00e9claration originale en anglais sur le site de l&rsquo;IFSW :<\/p>\n\n\n\n<figure class=\"wp-block-embed-wordpress wp-block-embed is-type-wp-embed is-provider-international-federation-of-social-workers\"><div class=\"wp-block-embed__wrapper\">\n<blockquote class=\"wp-embedded-content\" data-secret=\"HbBNlP2U70\"><a href=\"https:\/\/www.ifsw.org\/ifsw-europe-statement-on-covid-19\/\">IFSW Europe Statement on Covid 19<\/a><\/blockquote><iframe title=\"&#8220;IFSW Europe Statement on Covid 19&#8221; &#8212; International Federation of Social Workers\" class=\"wp-embedded-content\" sandbox=\"allow-scripts\" security=\"restricted\" style=\"position: absolute; clip: rect(1px, 1px, 1px, 1px);\" src=\"https:\/\/www.ifsw.org\/ifsw-europe-statement-on-covid-19\/embed\/#?secret=HbBNlP2U70\" data-secret=\"HbBNlP2U70\" width=\"600\" height=\"338\" frameborder=\"0\" marginwidth=\"0\" marginheight=\"0\" scrolling=\"no\"><\/iframe>\n<\/div><\/figure>\n\n\n\n<p><\/p>\n","protected":false},"excerpt":{"rendered":"<p>4 avril 2020 &laquo;&nbsp;La pand&eacute;mie du Covid 19 est un &eacute;v&eacute;nement sans pr&eacute;c&eacute;dent dans la vie de la plupart des personnes aujourd&rsquo;hui.&nbsp;C&rsquo;est un d&eacute;fi extr&ecirc;me car sa port&eacute;e ne conna&icirc;t pas de fronti&egrave;res et ne fait de pas distinction entre les membre de la soci&eacute;t&eacute;.&nbsp;Notre mode de vie a radicalement chang&eacute; ces derni&egrave;res semaines alors<\/p><\/div>\n<div class=\"blog-btn\"><a href=\"https:\/\/www.anasig.lu\/?p=160\" class=\"home-blog-btn\">Lire la suite<\/a><\/p>\n","protected":false},"author":1,"featured_media":164,"comment_status":"open","ping_status":"closed","sticky":false,"template":"","format":"standard","meta":{"_exactmetrics_skip_tracking":false,"_exactmetrics_sitenote_active":false,"_exactmetrics_sitenote_note":"","_exactmetrics_sitenote_category":0,"_monsterinsights_skip_tracking":false,"_monsterinsights_sitenote_active":false,"_monsterinsights_sitenote_note":"","_monsterinsights_sitenote_category":0,"footnotes":""},"categories":[7],"tags":[8],"class_list":["post-160","post","type-post","status-publish","format-standard","has-post-thumbnail","hentry","category-actualites","tag-covid-19"],"_links":{"self":[{"href":"https:\/\/www.anasig.lu\/index.php?rest_route=\/wp\/v2\/posts\/160","targetHints":{"allow":["GET"]}}],"collection":[{"href":"https:\/\/www.anasig.lu\/index.php?rest_route=\/wp\/v2\/posts"}],"about":[{"href":"https:\/\/www.anasig.lu\/index.php?rest_route=\/wp\/v2\/types\/post"}],"author":[{"embeddable":true,"href":"https:\/\/www.anasig.lu\/index.php?rest_route=\/wp\/v2\/users\/1"}],"replies":[{"embeddable":true,"href":"https:\/\/www.anasig.lu\/index.php?rest_route=%2Fwp%2Fv2%2Fcomments&post=160"}],"version-history":[{"count":5,"href":"https:\/\/www.anasig.lu\/index.php?rest_route=\/wp\/v2\/posts\/160\/revisions"}],"predecessor-version":[{"id":167,"href":"https:\/\/www.anasig.lu\/index.php?rest_route=\/wp\/v2\/posts\/160\/revisions\/167"}],"wp:featuredmedia":[{"embeddable":true,"href":"https:\/\/www.anasig.lu\/index.php?rest_route=\/wp\/v2\/media\/164"}],"wp:attachment":[{"href":"https:\/\/www.anasig.lu\/index.php?rest_route=%2Fwp%2Fv2%2Fmedia&parent=160"}],"wp:term":[{"taxonomy":"category","embeddable":true,"href":"https:\/\/www.anasig.lu\/index.php?rest_route=%2Fwp%2Fv2%2Fcategories&post=160"},{"taxonomy":"post_tag","embeddable":true,"href":"https:\/\/www.anasig.lu\/index.php?rest_route=%2Fwp%2Fv2%2Ftags&post=160"}],"curies":[{"name":"wp","href":"https:\/\/api.w.org\/{rel}","templated":true}]}}